{"id":13998,"date":"2024-05-28T07:07:44","date_gmt":"2024-05-28T05:07:44","guid":{"rendered":"https:\/\/damp-protection.com\/?p=13998"},"modified":"2024-05-28T07:07:47","modified_gmt":"2024-05-28T05:07:47","slug":"jubilarni-sajam-sacroexpo-10-12-6-2024","status":"publish","type":"post","link":"https:\/\/damp-protection.com\/de_at\/jubilarni-sajam-sacroexpo-10-12-6-2024\/","title":{"rendered":"Jubil\u00e4umsmesse SACROEXPO 10-12.6.2024"},"content":{"rendered":"<p>JUBIL\u00c4UMSAUSGABE DER MESSE SACROEXPO - 10.-12. JUNI 2024 XXV Internationale Messe f\u00fcr Kirchenbau und -ausstattung, Sakrale Kunst und Devotionalien SACROEXPO<\/p>\n\n\n\n<p>In K\u00fcrze findet in den R\u00e4umlichkeiten der Targ\u00f3w Kielce die jubil\u00e4umsm\u00e4\u00dfige, 25. Ausgabe der Messe SACROEXPO statt! Die XXV Internationale Messe f\u00fcr Kirchenbau und -ausstattung, Sakrale Kunst und Devotionalien beginnt am Montag, den 10. Juni und dauert drei Tage. Die SACROEXPO ist die gr\u00f6\u00dfte Veranstaltung dieser Art in Polen und wird von zahlreichen Geistlichen und kirchlichen Mitarbeitern sowie Architekten und Denkmalpflegern besucht. Unser Unternehmen wird \u2013 wie in den vergangenen Jahren \u2013 auf dieser Veranstaltung pr\u00e4sent sein. An unserem Stand haben Sie die Gelegenheit, sich mit der PROsystem-Methode zur Beseitigung von kapillarer Feuchtigkeit vertraut zu machen. Die PROsystem-Ger\u00e4te sind f\u00fcr Geb\u00e4ude vorgesehen, in denen Feuchtigkeit aus dem Boden aufsteigt, d. h. f\u00fcr historische Geb\u00e4ude ohne Horizontalsperre oder Objekte, bei denen eine solche Sperre besch\u00e4digt wurde. In \u00fcber 30 Jahren T\u00e4tigkeit haben wir bereits Hunderte von sakralen und historischen Geb\u00e4uden in ganz Europa, darunter auch in Polen, gesch\u00fctzt. Wir wissen, dass Reparaturen und Renovierungen von historischen Geb\u00e4uden wie Kirchen oder Kl\u00f6stern gro\u00dfe Sorgfalt im Detail erfordern, insbesondere im Hinblick auf die edle Sch\u00f6nheit architektonischer Details oder Polychromie. Mit den PROsystem-Ger\u00e4ten sch\u00fctzen wir auch Krypten und wertvolle Archivbest\u00e4nde vor den sch\u00e4dlichen Auswirkungen von Feuchtigkeit und Schimmel. Wir laden Sie herzlich zu unserem Stand ein, insbesondere wenn Sie eine Renovierung oder eine thermische Modernisierung planen, da die Trocknung und der Feuchtigkeitsschutz in der ersten Phase eine entscheidende Rolle spielen. Dies erm\u00f6glicht es Ihnen, die Ergebnisse der Renovierung viele Jahre lang zu genie\u00dfen und in den folgenden Heizperioden Heizkosten zu sparen!<\/p>\n\n\n\n<p>Wir freuen uns auf die SACROEXPO und das Treffen mit Ihnen an unserem Stand und hoffen, dass die diesj\u00e4hrige Veranstaltung in Kielce neue interessante Herausforderungen f\u00fcr uns bereith\u00e4lt. Besuchen Sie uns am Stand C-9! Weitere Informationen und das Programm der Begleitveranstaltungen zur Messe finden Sie auf der Website <a target=\"_blank\" rel=\"noreferrer noopener\" href=\"https:\/\/www.targikielce.pl\/sacroexpo\">https:\/\/www.targikielce.pl\/sacroexpo<\/a><\/p>","protected":false},"excerpt":{"rendered":"<p>JUBILARNO IZDANJE SAJMA SACROEXPO &#8211; 10.-12. LIPNJA 2024. XXV Me\u0111unarodna izlo\u017eba gradnje i opremanja crkava, sakralne umjetnosti i predmeta pobo\u017enosti SACROEXPO Uskoro \u0107e se u prostorima Targ\u00f3w Kielce odr\u017eati jubilarno, 25. izdanje sajma SACROEXPO! XXV Me\u0111unarodna izlo\u017eba gradnje i opremanja crkava, sakralne umjetnosti i predmeta pobo\u017enosti &#8211; zapo\u010det \u0107e u ponedjeljak, 10. lipnja i trajat [&hellip;]<\/p>","protected":false},"author":1,"featured_media":13999,"comment_status":"closed","ping_status":"open","sticky":false,"template":"","format":"standard","meta":{"footnotes":""},"categories":[1],"tags":[],"class_list":["post-13998","post","type-post","status-publish","format-standard","has-post-thumbnail","hentry","category-novosti"],"_links":{"self":[{"href":"https:\/\/damp-protection.com\/de_at\/wp-json\/wp\/v2\/posts\/13998","targetHints":{"allow":["GET"]}}],"collection":[{"href":"https:\/\/damp-protection.com\/de_at\/wp-json\/wp\/v2\/posts"}],"about":[{"href":"https:\/\/damp-protection.com\/de_at\/wp-json\/wp\/v2\/types\/post"}],"author":[{"embeddable":true,"href":"https:\/\/damp-protection.com\/de_at\/wp-json\/wp\/v2\/users\/1"}],"replies":[{"embeddable":true,"href":"https:\/\/damp-protection.com\/de_at\/wp-json\/wp\/v2\/comments?post=13998"}],"version-history":[{"count":1,"href":"https:\/\/damp-protection.com\/de_at\/wp-json\/wp\/v2\/posts\/13998\/revisions"}],"predecessor-version":[{"id":14000,"href":"https:\/\/damp-protection.com\/de_at\/wp-json\/wp\/v2\/posts\/13998\/revisions\/14000"}],"wp:featuredmedia":[{"embeddable":true,"href":"https:\/\/damp-protection.com\/de_at\/wp-json\/wp\/v2\/media\/13999"}],"wp:attachment":[{"href":"https:\/\/damp-protection.com\/de_at\/wp-json\/wp\/v2\/media?parent=13998"}],"wp:term":[{"taxonomy":"category","embeddable":true,"href":"https:\/\/damp-protection.com\/de_at\/wp-json\/wp\/v2\/categories?post=13998"},{"taxonomy":"post_tag","embeddable":true,"href":"https:\/\/damp-protection.com\/de_at\/wp-json\/wp\/v2\/tags?post=13998"}],"curies":[{"name":"wp","href":"https:\/\/api.w.org\/{rel}","templated":true}]}}