{"id":13998,"date":"2024-05-28T07:07:44","date_gmt":"2024-05-28T05:07:44","guid":{"rendered":"https:\/\/damp-protection.com\/?p=13998"},"modified":"2024-05-28T07:07:47","modified_gmt":"2024-05-28T05:07:47","slug":"jubilarni-sajam-sacroexpo-10-12-6-2024","status":"publish","type":"post","link":"https:\/\/damp-protection.com\/it\/jubilarni-sajam-sacroexpo-10-12-6-2024\/","title":{"rendered":"Fiera dell'anniversario SACROEXPO 10-12.6.2024"},"content":{"rendered":"<p>EDIZIONE GIUBILARE DELLA FIERA SACROEXPO - 10-12 GIUGNO 2024\nXXV Fiera Internazionale dell'Edilizia e degli Arredi per le Chiese, dell'Arte Sacra e degli Oggetti Devozionali SACROEXPO<\/p>\n\n\n\n<p>A breve, presso il quartiere fieristico di Kielce, si terr\u00e0 la venticinquesima edizione della fiera SACROEXPO! La XXV Fiera Internazionale dell'Edilizia e degli Arredi per le Chiese, dell'Arte Sacra e degli Oggetti Devozionali inizier\u00e0 luned\u00ec 10 giugno e durer\u00e0 tre giorni. SACROEXPO \u00e8 il pi\u00f9 grande evento del suo genere in Polonia, frequentato da un gran numero di persone legate alla Chiesa, cos\u00ec come da architetti e restauratori. La nostra azienda, come negli anni precedenti, sar\u00e0 presente a questo evento. Presso il nostro stand avrete l'opportunit\u00e0 di conoscere il metodo PROsystem per l'eliminazione dell'umidit\u00e0 di risalita capillare. I dispositivi PROsystem sono progettati per edifici che presentano il problema della risalita dell'umidit\u00e0 dal terreno, ovvero edifici storici privi di impermeabilizzazione o edifici in cui tale impermeabilizzazione \u00e8 stata danneggiata. In oltre 30 anni di attivit\u00e0, la nostra azienda ha protetto centinaia di edifici sacri e storici in tutta Europa, compresa la Polonia. Sappiamo che il restauro e la ristrutturazione di edifici storici come chiese o monasteri richiedono una grande attenzione ai dettagli, alla nobile bellezza dei dettagli architettonici o dei dipinti murali. Con i dispositivi PROsystem proteggiamo anche cripte e preziose collezioni negli archivi dagli effetti dannosi dell'umidit\u00e0 e della muffa. Vi invitiamo a visitare il nostro stand, soprattutto se state pianificando di iniziare la ristrutturazione di un edificio o un intervento di efficientamento energetico, poich\u00e9 il drenaggio e la protezione dall'umidit\u00e0 svolgono un ruolo chiave nella prima fase. Ci\u00f2 vi permetter\u00e0 di godere dei risultati del restauro per molti anni e di risparmiare sul riscaldamento nelle prossime stagioni invernali!<\/p>\n\n\n\n<p>Attendiamo con impazienza SACROEXPO e l'incontro con voi presso il nostro stand, sperando che l'evento di quest'anno a Kielce porti nuove e interessanti sfide per noi. Vi aspettiamo allo stand C-9! Ulteriori informazioni e il programma degli eventi collaterali della Fiera sono disponibili sul sito <a target=\"_blank\" rel=\"noreferrer noopener\" href=\"https:\/\/www.targikielce.pl\/sacroexpo\">https:\/\/www.targikielce.pl\/sacroexpo<\/a><\/p>","protected":false},"excerpt":{"rendered":"<p>JUBILARNO IZDANJE SAJMA SACROEXPO &#8211; 10.-12. LIPNJA 2024. XXV Me\u0111unarodna izlo\u017eba gradnje i opremanja crkava, sakralne umjetnosti i predmeta pobo\u017enosti SACROEXPO Uskoro \u0107e se u prostorima Targ\u00f3w Kielce odr\u017eati jubilarno, 25. izdanje sajma SACROEXPO! XXV Me\u0111unarodna izlo\u017eba gradnje i opremanja crkava, sakralne umjetnosti i predmeta pobo\u017enosti &#8211; zapo\u010det \u0107e u ponedjeljak, 10. lipnja i trajat [&hellip;]<\/p>","protected":false},"author":1,"featured_media":13999,"comment_status":"closed","ping_status":"open","sticky":false,"template":"","format":"standard","meta":{"footnotes":""},"categories":[1],"tags":[],"class_list":["post-13998","post","type-post","status-publish","format-standard","has-post-thumbnail","hentry","category-novosti"],"_links":{"self":[{"href":"https:\/\/damp-protection.com\/it\/wp-json\/wp\/v2\/posts\/13998","targetHints":{"allow":["GET"]}}],"collection":[{"href":"https:\/\/damp-protection.com\/it\/wp-json\/wp\/v2\/posts"}],"about":[{"href":"https:\/\/damp-protection.com\/it\/wp-json\/wp\/v2\/types\/post"}],"author":[{"embeddable":true,"href":"https:\/\/damp-protection.com\/it\/wp-json\/wp\/v2\/users\/1"}],"replies":[{"embeddable":true,"href":"https:\/\/damp-protection.com\/it\/wp-json\/wp\/v2\/comments?post=13998"}],"version-history":[{"count":1,"href":"https:\/\/damp-protection.com\/it\/wp-json\/wp\/v2\/posts\/13998\/revisions"}],"predecessor-version":[{"id":14000,"href":"https:\/\/damp-protection.com\/it\/wp-json\/wp\/v2\/posts\/13998\/revisions\/14000"}],"wp:featuredmedia":[{"embeddable":true,"href":"https:\/\/damp-protection.com\/it\/wp-json\/wp\/v2\/media\/13999"}],"wp:attachment":[{"href":"https:\/\/damp-protection.com\/it\/wp-json\/wp\/v2\/media?parent=13998"}],"wp:term":[{"taxonomy":"category","embeddable":true,"href":"https:\/\/damp-protection.com\/it\/wp-json\/wp\/v2\/categories?post=13998"},{"taxonomy":"post_tag","embeddable":true,"href":"https:\/\/damp-protection.com\/it\/wp-json\/wp\/v2\/tags?post=13998"}],"curies":[{"name":"wp","href":"https:\/\/api.w.org\/{rel}","templated":true}]}}